{"id":1488,"date":"2022-04-06T21:48:27","date_gmt":"2022-04-07T01:48:27","guid":{"rendered":"https:\/\/fapi.org.py\/derechoalfuturo\/?p=1488"},"modified":"2022-06-16T11:19:37","modified_gmt":"2022-06-16T15:19:37","slug":"la-lucha-por-la-tierra","status":"publish","type":"post","link":"https:\/\/fapi.org.py\/derechoalfuturo\/2022\/04\/06\/la-lucha-por-la-tierra\/","title":{"rendered":"La lucha por la tierra"},"content":{"rendered":"<p>De hecho, ese mismo a\u00f1o, se hab\u00eda aprobado el Estatuto Ind\u00edgena, vigente hasta hoy d\u00eda, donde se reconoc\u00eda el derecho a la tierra y que esta sea otorgada por el Estado paraguayo de manera gratuita, una vez la comunidad est\u00e9 reconocida jur\u00eddicamente por el Instituto Paraguayo del Ind\u00edgena (INDI).<\/p>\n<p>A trav\u00e9s del expediente n\u00famero 5.687\/81, los Guaran\u00ed \u00d1andeva de Loma esperaban conseguir un pedazo de tierra en su territorio ancestral, ubicado en la frontera con Bolivia, cerca de la frontera con Argentina. Tres a\u00f1os despu\u00e9s, el IBR emiti\u00f3 la Resoluci\u00f3n N\u00ba 640\/84 donde declaraba Colonia Nacional Ind\u00edgena y adjudicaba un total de 10.079 hect\u00e1reas en Infante Rivarola, distrito de Mariscal Estigarribia, departamento de Boquer\u00f3n.<\/p>\n<p>*El Instituto de Bienestar Rural (IBR) funciona hoy con el nombre de Instituto de Desarrollo Rural y de la Tierra (INDERT).<\/p>\n<p>La adjudicaci\u00f3n del IBR no vino acompa\u00f1ada de ning\u00fan tipo de ayuda, ni siquiera del Instituto Paraguayo del Ind\u00edgena (INDI), que tampoco dio el seguimiento siquiera para la titulaci\u00f3n de las tierras a favor de la comunidad, por lo que hasta la fecha en los registros figura a nombre del Estado, es decir, del actual Instituto Nacional de Desarrollo Rural y de la Tierra (INDERT).<\/p>\n<p>Juan Mozo, uno de los miembros de la comunidad, habl\u00f3 de las penurias que pasaron tratando de lograr condiciones de desarrollo en el lugar, pero que la falta de agua no permiti\u00f3 sostener la permanencia estable en las tierras. &#8220;Nosotros \u00edbamos y ven\u00edamos, no importaba que hac\u00eda mucho calor, porque es ac\u00e1 donde nos hallamos, y con un pozo de agua ya podemos estar tranquilos para poder vivir y cultivar&#8221;, manifest\u00f3 bajo el sol intenso del Chaco, con la esperanza puesta en el pozo reci\u00e9n construido y en lograr en alg\u00fan momento energ\u00eda el\u00e9ctrica.<\/p>\n<p><strong>INVASI\u00d3N Y CONFLICTO<\/strong><\/p>\n<p>Mi\u00f1o Ordo\u00f1e, vocero de la comunidad Loma, relat\u00f3 que la falta de agua los tuvo yendo y viniendo a las tierras que el IBR les hab\u00eda adjudicado, y que en este lapso de tiempo fue que los tres ganaderos, Miguel Angel Mu\u00f1oz, Kurt Friesen Schroeder y \u00d3scar Hein Ratzlaff, invadieron sus tierras, en total 3.307 hect\u00e1reas de las 10.079.<\/p>\n<p>&#8220;Ellos pidieron en el 2010 al INDERT que se les adjudique nuestras tierras, como si fueran tierras fiscales libres, pero estas tierras son nuestras por resoluci\u00f3n del IBR y no puede ser adjudicadas, por eso fuimos a exigir al presidente que no adjudique las tierras, y conseguimos que vengan a verificar y corroborar que son nuestras tierras&#8221;, explic\u00f3 Ordo\u00f1e.<\/p>\n<p>La abogada de la comunidad Loma, Emilia Cano, detall\u00f3 que los ganaderos aprovecharon la poca capacidad de los ind\u00edgenas de defender su territorio que seg\u00fan el Art. 64 de la Constituci\u00f3n Nacional, son irrenunciables; es decir que no pueden cederlas ni venderlas. Pero debido a su falta de asesoramiento y al nulo control del Estado, los productores lograron que algunos firmen supuestos documentos de renuncia de las tierras (personas sin representaci\u00f3n), con lo que fueron hasta el INDERT a solicitar la adjudicaci\u00f3n.<\/p>\n<p>Las gestiones de la comunidad para defender legalmente sus tierras llev\u00f3 a que el INDERT reconsidere la solicitud de los ganaderos y finalmente emita una resoluci\u00f3n, la n\u00famero 2.413 del a\u00f1o 2011, que sentenci\u00f3 el rechazo a las pretensiones de los tres empresarios.<\/p>\n<p>Sin embargo, con las copias de los documentos de gesti\u00f3n en el INDERT, los ganaderos lograron licencias ambientales del Ministerio del Ambiente y Desarrollo Sostenible (MADES), a pesar de que ya se les hab\u00eda rechazado la solicitud.<\/p>\n<p>Esto abri\u00f3 la puerta a una serie de conflictos entre los ind\u00edgenas y los ganaderos por la deforestaci\u00f3n sistem\u00e1tica que se dio con los bosques dentro del territorio de 10.079 hect\u00e1reas. Seg\u00fan el Instituto Forestal Nacional (INFONA), tras atender la denuncia por deforestaci\u00f3n de tierras de los ind\u00edgenas Guarani \u00d1and\u00e9va presentada contra los tres ganaderos, se confirm\u00f3 una p\u00e9rdida de 3.307 hect\u00e1reas de cobertura forestal sin permiso alguno.<\/p>\n<p>Los miembros de la comunidad llegaron a retener las m\u00e1quinas de los ganaderos que realizaban tareas de deforestaci\u00f3n, ante la inacci\u00f3n de la Fiscal\u00eda a las denuncias presentadas. Pero esto motiv\u00f3 la denuncia de los ganaderos contra los ind\u00edgenas, quienes cuentan con procesos abiertos por el fiscal Andr\u00e9s Arriola.<\/p>\n<p>Los ganaderos iniciaron juicios de interdicto de retener la posesi\u00f3n con lo que lograron medidas cautelares de no innovar que afectan los intereses de los ind\u00edgenas, como por ejemplo la llegada de la energ\u00eda el\u00e9ctrica, clave para poder extraer agua.<\/p>\n<p>&#8220;Pedimos encarecidamente al juez que levante la medida cautelar para poder tener energ\u00eda el\u00e9ctrica y acceso al agua, porque es un derecho humano y necesitamos para vivir y regar nuestros cultivos&#8221;, reclam\u00f3 Ordo\u00f1e.<\/p>\n<p>La comunidad sufri\u00f3 el ataque de varios medios de comunicaci\u00f3n que siguieron la l\u00ednea de los ganaderos y falsearon datos, se\u00f1alando que los ind\u00edgenas fueron manipulados por una oeneg\u00e9, de nombre Alter Vida, utilizando a ind\u00edgenas que no eran de la comunidad, sino de otra, seg\u00fan lo revel\u00f3 el propio l\u00edder de la comunidad Timoteo, Bernab\u00e9 Flores, que reconoci\u00f3 a los miembros de su comunidad simulando pertenecer a la comunidad Loma.<\/p>\n<p>Ciro Rojas, uno de los t\u00e9cnicos de la oeneg\u00e9 Alter Vida, explic\u00f3 que desde el 2019 iniciaron un proceso de producci\u00f3n hort\u00edcola con la comunidad Loma, a partir de la construcci\u00f3n del pozo de agua y el uso de un generador de energ\u00eda, pero que a la larga, esto genera inconvenientes por la falta de energ\u00eda el\u00e9ctrica.<\/p>\n<p>&#8220;Este mes vamos a traer aves, unas 20 para cada familia, de manera que tenga huevo para consumir, y tambi\u00e9n la parte agr\u00edcola que no podemos extender por la falta de energ\u00eda. Tenemos ahora agua, pero cuando falla el generador debemos enviar a Filadelfia a reparar y mientras tanto los cultivos ya se quedan sin agua, y por eso no se puede tener una producci\u00f3n cont\u00ednua. Una vez que entre la energ\u00eda el\u00e9ctrica vamos a poder extender el cultivo agr\u00edcola&#8221;, explic\u00f3, indicando que ya habr\u00eda un dictamen favorable de la ANDE (Administraci\u00f3n Nacional de Electricidad) para el ingreso de la energ\u00eda el\u00e9ctrica.<\/p>\n<p>Mi\u00f1o Ordo\u00f1e indic\u00f3 que gracias a la ayuda de Alter Vida, lograron asentarse oficialmente desde el 8 de noviembre del 2018 en unas 200 hect\u00e1reas de las 10.079 que ocupaban hist\u00f3ricamente, inicialmente con unas 45 familias. Si bien se menciona que en total son 62 las familias interesadas en vivir en Loma, la precaria realidad, la falta de agua y luz, genera que los grupos se vayan alternando entre la ocupaci\u00f3n del territorio y otras comunidades del Pueblo \u00d1andeva de la zona.<\/p>\n<p>La esperanza est\u00e1 puesta en que el INDERT finalmente culmine el traspaso de la documentaci\u00f3n de la mensura judicial realizada a las 10.079 hect\u00e1reas, ya con el aval de la Direcci\u00f3n de Geodesia del Ministerio de Obras P\u00fablicas y Comunicaciones (MOPC), para que posteriormente el INDI culmine los tr\u00e1mites de titulaci\u00f3n a favor de la comunidad Loma.<\/p>\n<p>Sin embargo, un problema a\u00fan latente son las acciones judiciales iniciadas por los tres ganaderos que pretenden forzar la adjudicaci\u00f3n al IDERT. Los mismos iniciaron un juicio de retenci\u00f3n de inmueble por mejoras introducidas, solicitando un pago de G. 6.000 millones cada uno, o sea G. 18.000 millones como indemnizaci\u00f3n por supuestos da\u00f1os y perjuicios.<\/p>\n<p>En total son tres juicios ordinarios en el Juzgado Civil de la Regi\u00f3n Occidental, donde los ganaderos solicitan la retenci\u00f3n de las fracciones y el pago de indemnizaci\u00f3n por mejoras introducidas, y, por otro lado, accionaron en el Tribunal de Cuentas contra la resoluci\u00f3n del INDERT que rechaz\u00f3 sus solicitudes de adjudicaci\u00f3n.<\/p>\n<p>La Comisi\u00f3n de Pueblos Ind\u00edgenas del Senado lleva el seguimiento de estos casos y ya ha solicitado a la Corte Suprema de Justicia (CSJ) que, a trav\u00e9s de la Superintendencia. El titular de dicha comisi\u00f3n, el senador Miguel Fulgencio Rodr\u00edguez, manifest\u00f3 que una de las causas ya se ha logrado destrabar.<\/p>\n<p>El escenario ideal para los ind\u00edgenas es que las causas presentadas por los ganaderos contra el INDERT finiquiten de una vez a favor del ente estatal, de manera a que no generen trabas para el proceso de titulaci\u00f3n que vienen reclamando hace a\u00f1os a trav\u00e9s de cierres de ruta y otras acciones.<\/p>\n<p>Este caso es un fiel ejemplo de c\u00f3mo las instituciones del Estado paraguayo act\u00faan de manera negligente en su rol de hacer cumplir los derechos de los pueblos ind\u00edgenas. El proceso de lucha por el derecho a la tierra de la comunidad Guaran\u00ed \u00d1andeva cobra fuerza reci\u00e9n en 1981, cuando la dictadura militar de Alfredo Stroessner se vio obligada a aprobar un Estatuto Ind\u00edgena, seg\u00fan lo exig\u00edan los tratados internacionales.<\/p>\n<p>Y si bien la comunidad consigui\u00f3 en 1984 que el Estado resuelva adjudicarles 10.079 hect\u00e1reas, esta adjudicaci\u00f3n nunca se formaliz\u00f3 en 36 a\u00f1os, ni se garantiz\u00f3 la ocupaci\u00f3n y acceso a derechos fundamentales en el territorio, lo cual denota el abandono de varias instituciones del Estado como el INDERT, el INDI, y por otro lado, las instituciones del Poder Judicial que fueron y son utilizados para perseguir a los ind\u00edgenas y beneficiar a sectores ganaderos que pretenden las tierras.<\/p>\n","protected":false},"excerpt":{"rendered":"<p>Alexis Mart\u00ednez, joven l\u00edder de la comunidad Loma, del Pueblo Guaran\u00ed \u00d1andeva, relata que la lucha por la titulaci\u00f3n de sus tierras se remonta al a\u00f1o 1981. En este entonces, los l\u00edderes impulsaron a trav\u00e9s del extinto Instituto de Bienestar Rural -IBR- (que se convirti\u00f3 en Instituto de Desarrollo Rural y de la Tierra &#8211; INDERT -), el proceso de adjudicaci\u00f3n de sus parcelas. Los l\u00edderes empezaron el proceso aprovechando que la dictadura militar de Alfredo Stroessner se vio obligada a aprobar nuevas leyes que reconoc\u00edan los derechos de los Pueblos Ind\u00edgenas.<\/p>\n","protected":false},"author":2,"featured_media":0,"comment_status":"open","ping_status":"open","sticky":false,"template":"","format":"standard","meta":{"_acf_changed":false,"_sitemap_exclude":false,"_sitemap_priority":"","_sitemap_frequency":"","footnotes":""},"categories":[356],"tags":[303,389,384,385,346,290,300,381,383,382,331,387,317,325,335,386,334,388,333,342],"class_list":["post-1488","post","type-post","status-publish","format-standard","hentry","category-la-lucha-por-la-tierra","tag-agronegocio","tag-alfredo-stroessner","tag-alter-vida","tag-ande","tag-campesinos","tag-deforestacion","tag-derechos-humanos","tag-falta-de-agua","tag-fiscal-andres-arriola","tag-guarani-nandeva","tag-indert","tag-indi","tag-infona","tag-mades","tag-monocultivos","tag-mopc","tag-plaguicidas","tag-poder-judicial","tag-soja","tag-territorios-ancestrales"],"acf":[],"yoast_head":"<!-- This site is optimized with the Yoast SEO plugin v24.5 - https:\/\/yoast.com\/wordpress\/plugins\/seo\/ -->\n<title>La lucha por la tierra - Derecho al futuro<\/title>\n<meta name=\"robots\" content=\"index, follow, max-snippet:-1, max-image-preview:large, max-video-preview:-1\" \/>\n<link rel=\"canonical\" href=\"https:\/\/fapi.org.py\/derechoalfuturo\/2022\/04\/06\/la-lucha-por-la-tierra\/\" \/>\n<meta property=\"og:locale\" content=\"es_ES\" \/>\n<meta property=\"og:type\" content=\"article\" \/>\n<meta property=\"og:title\" content=\"La lucha por la tierra - Derecho al futuro\" \/>\n<meta property=\"og:description\" content=\"Alexis Mart\u00ednez, joven l\u00edder de la comunidad Loma, del Pueblo Guaran\u00ed \u00d1andeva, relata que la lucha por la titulaci\u00f3n de sus tierras se remonta al a\u00f1o 1981. En este entonces, los l\u00edderes impulsaron a trav\u00e9s del extinto Instituto de Bienestar Rural -IBR- (que se convirti\u00f3 en Instituto de Desarrollo Rural y de la Tierra - INDERT -), el proceso de adjudicaci\u00f3n de sus parcelas. Los l\u00edderes empezaron el proceso aprovechando que la dictadura militar de Alfredo Stroessner se vio obligada a aprobar nuevas leyes que reconoc\u00edan los derechos de los Pueblos Ind\u00edgenas.\" \/>\n<meta property=\"og:url\" content=\"https:\/\/fapi.org.py\/derechoalfuturo\/2022\/04\/06\/la-lucha-por-la-tierra\/\" \/>\n<meta property=\"og:site_name\" content=\"Derecho al futuro\" \/>\n<meta property=\"article:published_time\" content=\"2022-04-07T01:48:27+00:00\" \/>\n<meta property=\"article:modified_time\" content=\"2022-06-16T15:19:37+00:00\" \/>\n<meta name=\"author\" content=\"Carol Thiede\" \/>\n<meta name=\"twitter:card\" content=\"summary_large_image\" \/>\n<meta name=\"twitter:label1\" content=\"Escrito por\" \/>\n\t<meta name=\"twitter:data1\" content=\"Carol Thiede\" \/>\n\t<meta name=\"twitter:label2\" content=\"Tiempo de lectura\" \/>\n\t<meta name=\"twitter:data2\" content=\"8 minutos\" \/>\n<script type=\"application\/ld+json\" class=\"yoast-schema-graph\">{\"@context\":\"https:\/\/schema.org\",\"@graph\":[{\"@type\":\"WebPage\",\"@id\":\"https:\/\/fapi.org.py\/derechoalfuturo\/2022\/04\/06\/la-lucha-por-la-tierra\/\",\"url\":\"https:\/\/fapi.org.py\/derechoalfuturo\/2022\/04\/06\/la-lucha-por-la-tierra\/\",\"name\":\"La lucha por la tierra - Derecho al futuro\",\"isPartOf\":{\"@id\":\"https:\/\/fapi.org.py\/derechoalfuturo\/#website\"},\"datePublished\":\"2022-04-07T01:48:27+00:00\",\"dateModified\":\"2022-06-16T15:19:37+00:00\",\"author\":{\"@id\":\"https:\/\/fapi.org.py\/derechoalfuturo\/#\/schema\/person\/1cd3d85f875f35a708d8aa6a4d9a7170\"},\"breadcrumb\":{\"@id\":\"https:\/\/fapi.org.py\/derechoalfuturo\/2022\/04\/06\/la-lucha-por-la-tierra\/#breadcrumb\"},\"inLanguage\":\"es-AR\",\"potentialAction\":[{\"@type\":\"ReadAction\",\"target\":[\"https:\/\/fapi.org.py\/derechoalfuturo\/2022\/04\/06\/la-lucha-por-la-tierra\/\"]}]},{\"@type\":\"BreadcrumbList\",\"@id\":\"https:\/\/fapi.org.py\/derechoalfuturo\/2022\/04\/06\/la-lucha-por-la-tierra\/#breadcrumb\",\"itemListElement\":[{\"@type\":\"ListItem\",\"position\":1,\"name\":\"Inicio\",\"item\":\"https:\/\/fapi.org.py\/derechoalfuturo\/\"},{\"@type\":\"ListItem\",\"position\":2,\"name\":\"La lucha por la tierra\"}]},{\"@type\":\"WebSite\",\"@id\":\"https:\/\/fapi.org.py\/derechoalfuturo\/#website\",\"url\":\"https:\/\/fapi.org.py\/derechoalfuturo\/\",\"name\":\"Derecho al futuro\",\"description\":\"Historias urgentes sobre ambiente, desarrollo y derechos humanos en Paraguay\",\"potentialAction\":[{\"@type\":\"SearchAction\",\"target\":{\"@type\":\"EntryPoint\",\"urlTemplate\":\"https:\/\/fapi.org.py\/derechoalfuturo\/?s={search_term_string}\"},\"query-input\":{\"@type\":\"PropertyValueSpecification\",\"valueRequired\":true,\"valueName\":\"search_term_string\"}}],\"inLanguage\":\"es-AR\"},{\"@type\":\"Person\",\"@id\":\"https:\/\/fapi.org.py\/derechoalfuturo\/#\/schema\/person\/1cd3d85f875f35a708d8aa6a4d9a7170\",\"name\":\"Carol Thiede\",\"image\":{\"@type\":\"ImageObject\",\"inLanguage\":\"es-AR\",\"@id\":\"https:\/\/fapi.org.py\/derechoalfuturo\/#\/schema\/person\/image\/\",\"url\":\"https:\/\/secure.gravatar.com\/avatar\/c3856ebea3abccbac4d23e68c8a2ca9586b91d338914be1791d42f70abc90e2a?s=96&d=mm&r=g\",\"contentUrl\":\"https:\/\/secure.gravatar.com\/avatar\/c3856ebea3abccbac4d23e68c8a2ca9586b91d338914be1791d42f70abc90e2a?s=96&d=mm&r=g\",\"caption\":\"Carol Thiede\"},\"url\":\"https:\/\/fapi.org.py\/derechoalfuturo\/author\/carolthiede\/\"}]}<\/script>\n<!-- \/ Yoast SEO plugin. -->","yoast_head_json":{"title":"La lucha por la tierra - Derecho al futuro","robots":{"index":"index","follow":"follow","max-snippet":"max-snippet:-1","max-image-preview":"max-image-preview:large","max-video-preview":"max-video-preview:-1"},"canonical":"https:\/\/fapi.org.py\/derechoalfuturo\/2022\/04\/06\/la-lucha-por-la-tierra\/","og_locale":"es_ES","og_type":"article","og_title":"La lucha por la tierra - Derecho al futuro","og_description":"Alexis Mart\u00ednez, joven l\u00edder de la comunidad Loma, del Pueblo Guaran\u00ed \u00d1andeva, relata que la lucha por la titulaci\u00f3n de sus tierras se remonta al a\u00f1o 1981. En este entonces, los l\u00edderes impulsaron a trav\u00e9s del extinto Instituto de Bienestar Rural -IBR- (que se convirti\u00f3 en Instituto de Desarrollo Rural y de la Tierra - INDERT -), el proceso de adjudicaci\u00f3n de sus parcelas. Los l\u00edderes empezaron el proceso aprovechando que la dictadura militar de Alfredo Stroessner se vio obligada a aprobar nuevas leyes que reconoc\u00edan los derechos de los Pueblos Ind\u00edgenas.","og_url":"https:\/\/fapi.org.py\/derechoalfuturo\/2022\/04\/06\/la-lucha-por-la-tierra\/","og_site_name":"Derecho al futuro","article_published_time":"2022-04-07T01:48:27+00:00","article_modified_time":"2022-06-16T15:19:37+00:00","author":"Carol Thiede","twitter_card":"summary_large_image","twitter_misc":{"Escrito por":"Carol Thiede","Tiempo de lectura":"8 minutos"},"schema":{"@context":"https:\/\/schema.org","@graph":[{"@type":"WebPage","@id":"https:\/\/fapi.org.py\/derechoalfuturo\/2022\/04\/06\/la-lucha-por-la-tierra\/","url":"https:\/\/fapi.org.py\/derechoalfuturo\/2022\/04\/06\/la-lucha-por-la-tierra\/","name":"La lucha por la tierra - Derecho al futuro","isPartOf":{"@id":"https:\/\/fapi.org.py\/derechoalfuturo\/#website"},"datePublished":"2022-04-07T01:48:27+00:00","dateModified":"2022-06-16T15:19:37+00:00","author":{"@id":"https:\/\/fapi.org.py\/derechoalfuturo\/#\/schema\/person\/1cd3d85f875f35a708d8aa6a4d9a7170"},"breadcrumb":{"@id":"https:\/\/fapi.org.py\/derechoalfuturo\/2022\/04\/06\/la-lucha-por-la-tierra\/#breadcrumb"},"inLanguage":"es-AR","potentialAction":[{"@type":"ReadAction","target":["https:\/\/fapi.org.py\/derechoalfuturo\/2022\/04\/06\/la-lucha-por-la-tierra\/"]}]},{"@type":"BreadcrumbList","@id":"https:\/\/fapi.org.py\/derechoalfuturo\/2022\/04\/06\/la-lucha-por-la-tierra\/#breadcrumb","itemListElement":[{"@type":"ListItem","position":1,"name":"Inicio","item":"https:\/\/fapi.org.py\/derechoalfuturo\/"},{"@type":"ListItem","position":2,"name":"La lucha por la tierra"}]},{"@type":"WebSite","@id":"https:\/\/fapi.org.py\/derechoalfuturo\/#website","url":"https:\/\/fapi.org.py\/derechoalfuturo\/","name":"Derecho al futuro","description":"Historias urgentes sobre ambiente, desarrollo y derechos humanos en Paraguay","potentialAction":[{"@type":"SearchAction","target":{"@type":"EntryPoint","urlTemplate":"https:\/\/fapi.org.py\/derechoalfuturo\/?s={search_term_string}"},"query-input":{"@type":"PropertyValueSpecification","valueRequired":true,"valueName":"search_term_string"}}],"inLanguage":"es-AR"},{"@type":"Person","@id":"https:\/\/fapi.org.py\/derechoalfuturo\/#\/schema\/person\/1cd3d85f875f35a708d8aa6a4d9a7170","name":"Carol Thiede","image":{"@type":"ImageObject","inLanguage":"es-AR","@id":"https:\/\/fapi.org.py\/derechoalfuturo\/#\/schema\/person\/image\/","url":"https:\/\/secure.gravatar.com\/avatar\/c3856ebea3abccbac4d23e68c8a2ca9586b91d338914be1791d42f70abc90e2a?s=96&d=mm&r=g","contentUrl":"https:\/\/secure.gravatar.com\/avatar\/c3856ebea3abccbac4d23e68c8a2ca9586b91d338914be1791d42f70abc90e2a?s=96&d=mm&r=g","caption":"Carol Thiede"},"url":"https:\/\/fapi.org.py\/derechoalfuturo\/author\/carolthiede\/"}]}},"_links":{"self":[{"href":"https:\/\/fapi.org.py\/derechoalfuturo\/wp-json\/wp\/v2\/posts\/1488","targetHints":{"allow":["GET"]}}],"collection":[{"href":"https:\/\/fapi.org.py\/derechoalfuturo\/wp-json\/wp\/v2\/posts"}],"about":[{"href":"https:\/\/fapi.org.py\/derechoalfuturo\/wp-json\/wp\/v2\/types\/post"}],"author":[{"embeddable":true,"href":"https:\/\/fapi.org.py\/derechoalfuturo\/wp-json\/wp\/v2\/users\/2"}],"replies":[{"embeddable":true,"href":"https:\/\/fapi.org.py\/derechoalfuturo\/wp-json\/wp\/v2\/comments?post=1488"}],"version-history":[{"count":14,"href":"https:\/\/fapi.org.py\/derechoalfuturo\/wp-json\/wp\/v2\/posts\/1488\/revisions"}],"predecessor-version":[{"id":2293,"href":"https:\/\/fapi.org.py\/derechoalfuturo\/wp-json\/wp\/v2\/posts\/1488\/revisions\/2293"}],"wp:attachment":[{"href":"https:\/\/fapi.org.py\/derechoalfuturo\/wp-json\/wp\/v2\/media?parent=1488"}],"wp:term":[{"taxonomy":"category","embeddable":true,"href":"https:\/\/fapi.org.py\/derechoalfuturo\/wp-json\/wp\/v2\/categories?post=1488"},{"taxonomy":"post_tag","embeddable":true,"href":"https:\/\/fapi.org.py\/derechoalfuturo\/wp-json\/wp\/v2\/tags?post=1488"}],"curies":[{"name":"wp","href":"https:\/\/api.w.org\/{rel}","templated":true}]}}